{"id":220,"date":"2026-09-04T08:43:54","date_gmt":"2026-09-04T06:43:54","guid":{"rendered":"https:\/\/macomptabilite.com\/blog\/mention-expresse-liasse-fiscale\/"},"modified":"2026-09-04T08:43:54","modified_gmt":"2026-09-04T06:43:54","slug":"mention-expresse-liasse-fiscale","status":"publish","type":"post","link":"https:\/\/macomptabilite.com\/blog\/mention-expresse-liasse-fiscale\/","title":{"rendered":"Quelle est la mention expresse \u00e0 ajouter sur la liasse fiscale ?"},"content":{"rendered":"<h2 class=\"wp-block-heading\">La mention expresse sur la liasse fiscale : d\u00e9finition et port\u00e9e<\/h2>\n\n<p class=\"wp-block-paragraph\"><strong>La mention expresse<\/strong> est une d\u00e9claration \u00e9crite que le contribuable ins\u00e8re volontairement dans sa <strong>d\u00e9claration fiscale<\/strong>, notamment la <strong>liasse fiscale<\/strong>, pour signaler un doute ou une incertitude sur certains \u00e9l\u00e9ments d\u00e9clar\u00e9s. Ce dispositif a pour objectif majeur d\u2019\u00e9viter l\u2019application d\u2019int\u00e9r\u00eats de retard en cas de rectification ult\u00e9rieure par l\u2019administration fiscale. Destin\u00e9e principalement aux dirigeants de TPE, aux gestionnaires et aux particuliers, cette mention garantit une forme de <strong>transparence fiscale<\/strong> indispensable pour r\u00e9duire les risques lors d\u2019un <strong>contr\u00f4le fiscal<\/strong>.<\/p>\n\n<h3 class=\"wp-block-heading\">Principes et structure de la mention expresse dans la liasse fiscale<\/h3>\n\n<p class=\"wp-block-paragraph\">La mention expresse repose sur une r\u00e9daction claire et motiv\u00e9e du doute fiscal ou comptable. Elle accompagne et compl\u00e8te les <strong>documents comptables<\/strong> fournis dans la liasse fiscale. Voici les composantes essentielles \u00e0 int\u00e9grer :<\/p>\n\n<ul class=\"wp-block-list\"><li><strong>Date pr\u00e9cise<\/strong> de r\u00e9daction pour constituer une preuve indiscutable.<\/li><li><strong>Description claire<\/strong> de la nature du doute ou de l\u2019incertitude fiscale.<\/li><li><strong>Justifications document\u00e9es<\/strong> jointes si possible (avis d\u2019expert, pi\u00e8ces techniques).<\/li><li><strong>Formulation dat\u00e9e et motiv\u00e9e<\/strong> visible directement dans le corps de la d\u00e9claration ou en annexe libre.<\/li><li><strong>Respect strict du cadre l\u00e9gal<\/strong> d\u00e9fini par l\u2019article 1727, II, 2\u00b0 du CGI.<\/li><\/ul>\n\n<p class=\"wp-block-paragraph\">Cette structure assure que la mention est recevable et prot\u00e8ge efficacement le contribuable contre les int\u00e9r\u00eats de retard. En adoptant cette d\u00e9marche, le d\u00e9clarant fait preuve de bonne foi et d\u2019une volont\u00e9 explicite de transparence, ce qui est crucial pour une gestion optimale du risque fiscal.<\/p>\n\n<h3 class=\"wp-block-heading\">Comment ins\u00e9rer la mention expresse sur la liasse fiscale en ligne ?<\/h3>\n\n<p class=\"wp-block-paragraph\">Pour une <strong>d\u00e9claration fiscale<\/strong> d\u00e9mat\u00e9rialis\u00e9e, la mention expresse se saisit dans la zone destin\u00e9e aux commentaires libres sur le site officiel des imp\u00f4ts. Situ\u00e9e en bas du formulaire, cette rubrique permet d\u2019adresser directement un message aux services fiscaux. Il est essentiel de r\u00e9diger une phrase courte, dat\u00e9e et circonstanci\u00e9e, d\u00e9crivant le doute ou la correction apport\u00e9e. En compl\u00e9ment, il est recommand\u00e9 de joindre tout justificatif utile et de conserver l\u2019accus\u00e9 d\u2019envoi ainsi qu\u2019une capture d\u2019\u00e9cran horodat\u00e9e.<\/p>\n\n<p class=\"wp-block-paragraph\">Ce proc\u00e9d\u00e9 garantit la preuve de d\u00e9p\u00f4t de la mention en temps voulu et accro\u00eet la cr\u00e9dibilit\u00e9 du dossier en cas de contr\u00f4le fiscal. Utiliser FranceConnect pour acc\u00e9der \u00e0 la d\u00e9claration offre s\u00e9curit\u00e9 et tra\u00e7abilit\u00e9 des \u00e9changes.<\/p>\n\n<h3 class=\"wp-block-heading\">Les enjeux pratiques dans la gestion de la mention expresse<\/h3>\n\n<p class=\"wp-block-paragraph\">Ins\u00e9rer une mention expresse claire et motiv\u00e9e permet d\u2019\u00e9chapper aux int\u00e9r\u00eats de retard, \u00e0 condition que la situation soit r\u00e9ellement incertaine et la d\u00e9marche de bonne foi. Si la mention est vague ou d\u00e9pourvue de justificatif, l\u2019administration peut appliquer les p\u00e9nalit\u00e9s habituelles, parfois aggrav\u00e9es en cas de mauvaise foi. Aussi, le texte doit expliciter la nature pr\u00e9cise du doute, par exemple sur la d\u00e9ductibilit\u00e9 d\u2019une charge, un avantage fiscal ou une correction de donn\u00e9es pr\u00e9remplies.<\/p>\n\n<p class=\"wp-block-paragraph\">Lorsqu\u2019une entreprise fait \u00e9tat d\u2019un avis d\u2019expert dat\u00e9 joint \u00e0 la d\u00e9claration, l\u2019administration a peu de marge pour appliquer des int\u00e9r\u00eats de retard, ce qui montre la puissance de la mention expresse comme outil de pr\u00e9vention.<\/p>\n\n<figure class=\"is-provider-youtube is-type-video wp-block-embed wp-block-embed-youtube wp-embed-aspect-16-9 wp-has-aspect-ratio\"><div class=\"wp-block-embed__wrapper\">\n<iframe loading=\"lazy\" title=\"LMNP | LMP au r\u00e9gime r\u00e9el: Remplir la liasse fiscale. Comptabilit\u00e9 des locations meubl\u00e9es.\" width=\"500\" height=\"281\" src=\"https:\/\/www.youtube.com\/embed\/6krp_Zz3RnQ?feature=oembed\" frameborder=\"0\" allow=\"accelerometer; autoplay; clipboard-write; encrypted-media; gyroscope; picture-in-picture; web-share\" referrerpolicy=\"strict-origin-when-cross-origin\" allowfullscreen><\/iframe>\n<\/div><\/figure>\n\n<h2 class=\"wp-block-heading\">Le r\u00f4le cl\u00e9 de la mention expresse dans la pr\u00e9servation des int\u00e9r\u00eats du contribuable<\/h2>\n\n<p class=\"wp-block-paragraph\">Au c\u0153ur de la strat\u00e9gie fiscale, la mention expresse repr\u00e9sente un levier pour renforcer la confiance entre le contribuable et l\u2019administration. Elle \u00e9vite des majorations et des int\u00e9r\u00eats financiers importants tout en facilitant le dialogue fiscal. Une r\u00e9daction pr\u00e9cise \u00e0 l\u2019\u00e9gard des incertitudes sur la <strong>liasse fiscale<\/strong> joue un r\u00f4le crucial dans la conformit\u00e9 et la s\u00e9curisation des obligations d\u00e9claratives.<\/p>\n\n<p class=\"wp-block-paragraph\">Comprendre son fonctionnement technique, ma\u00eetriser sa mise en \u0153uvre pratique, et respecter le cadre r\u00e9glementaire sont essentiels pour prot\u00e9ger ses droits dans le contexte actuel.<\/p>\n\n<h3 class=\"wp-block-heading\">Les chiffres cl\u00e9s \u00e0 conna\u00eetre sur la mention expresse et la liasse fiscale<\/h3>\n\n<p class=\"wp-block-paragraph\">Voici les principaux \u00e9l\u00e9ments chiffr\u00e9s \u00e0 surveiller pour bien g\u00e9rer la mention expresse :<\/p>\n\n<figure class=\"wp-block-table\"><table>\n<tr>\n<th>Crit\u00e8re chiffr\u00e9 \/ Type<\/th>\n<th>D\u00e9tail (R\u00e8glement \/ Condition)<\/th>\n<th>Pr\u00e9cision (Valeur \/ Prix moyen)<\/th>\n<\/tr>\n<tr>\n<td>D\u00e9lai l\u00e9gal d\u2019envoi<\/td>\n<td>Date limite de d\u00e9claration fiscale annuelle maximale<\/td>\n<td>Avant le 30 juin 2026 (d\u00e9claration en ligne)<\/td>\n<\/tr>\n<tr>\n<td>Dur\u00e9e de conservation<\/td>\n<td>Conservation des justificatifs li\u00e9s \u00e0 la mention<\/td>\n<td>Minimum 6 ans (dur\u00e9e l\u00e9gale standard)<\/td>\n<\/tr>\n<tr>\n<td>Int\u00e9r\u00eats de retard \u00e9vit\u00e9s<\/td>\n<td>Applicable en cas d\u2019erreur notifi\u00e9e avec mention expresse<\/td>\n<td>Taux l\u00e9gal d\u2019environ 0,20 % par mois d\u2019erreur<\/td>\n<\/tr>\n<tr>\n<td>P\u00e9nalit\u00e9s en cas de mauvaise foi<\/td>\n<td>Majoration en pourcentage du redressement<\/td>\n<td>Jusqu\u2019\u00e0 80 % selon gravit\u00e9<\/td>\n<\/tr>\n<tr>\n<td>Co\u00fbt moyen d\u2019un avis d\u2019expert fiscal<\/td>\n<td>Pour \u00e9tayer la mention expresse<\/td>\n<td>De 500 \u00e0 2 000 \u20ac selon complexit\u00e9<\/td>\n<\/tr>\n<\/table><\/figure>\n\n<h3 class=\"wp-block-heading\">Les erreurs fr\u00e9quentes \u00e0 \u00e9viter avec la mention expresse<\/h3>\n\n<p class=\"wp-block-paragraph\">Parmi les pi\u00e8ges courants, la mention expresse trop vague ou non dat\u00e9e est la cause principale de rejet de la protection contre les int\u00e9r\u00eats de retard. De m\u00eame, omettre de joindre les justificatifs pertinents affaiblit sensiblement la cr\u00e9dibilit\u00e9 du dossier. Parfois, des contribuables tentent d\u2019utiliser la mention pour des situations sur lesquelles l\u2019administration s\u2019est d\u00e9j\u00e0 prononc\u00e9e, ce qui annule la possibilit\u00e9 de dispense. Enfin, une mauvaise interpr\u00e9tation des r\u00e8gles fiscales, sans la volont\u00e9 sinc\u00e8re d\u2019informer clairement, est souvent d\u00e9tect\u00e9e et sanctionn\u00e9e s\u00e9v\u00e8rement.<\/p>\n\n<figure class=\"is-provider-youtube is-type-video wp-block-embed wp-block-embed-youtube wp-embed-aspect-16-9 wp-has-aspect-ratio\"><div class=\"wp-block-embed__wrapper\">\n<iframe loading=\"lazy\" title=\"Proc\u00e9dures D\u00e9clarations Fiscales\" width=\"500\" height=\"281\" src=\"https:\/\/www.youtube.com\/embed\/07nTFIYEdNM?feature=oembed\" frameborder=\"0\" allow=\"accelerometer; autoplay; clipboard-write; encrypted-media; gyroscope; picture-in-picture; web-share\" referrerpolicy=\"strict-origin-when-cross-origin\" allowfullscreen><\/iframe>\n<\/div><\/figure>\n\n<script type=\"application\/ld+json\">\n{\"@context\":\"https:\/\/schema.org\",\"@type\":\"FAQPage\",\"mainEntity\":[{\"@type\":\"Question\",\"name\":\"Ou00f9 inscrire la mention expresse dans la du00e9claration fiscale ?\",\"acceptedAnswer\":{\"@type\":\"Answer\",\"text\":\"La mention expresse doit u00eatre inscrite dans la zone des commentaires libres du formulaire fiscal en ligne, souvent situu00e9e en fin de liasse fiscale, accompagnu00e9e si possible de justificatifs datu00e9s.\"}},{\"@type\":\"Question\",\"name\":\"La mention expresse protu00e8ge-t-elle contre les pu00e9nalitu00e9s fiscales ?\",\"acceptedAnswer\":{\"@type\":\"Answer\",\"text\":\"Elle permet du2019u00e9viter les intu00e9ru00eats de retard mais ne supprime pas du2019u00e9ventuelles pu00e9nalitu00e9s en cas du2019erreur reconnue. Toutefois, en cas de bonne foi, les pu00e9nalitu00e9s peuvent u00eatre attu00e9nuu00e9es.\"}},{\"@type\":\"Question\",\"name\":\"Quelle est la date limite pour ajouter une mention expresse ?\",\"acceptedAnswer\":{\"@type\":\"Answer\",\"text\":\"La mention expresse doit accompagner la du00e9claration au plus tard u00e0 la date de du00e9pu00f4t de la liasse fiscale, typiquement avant la fin du du00e9lai de du00e9claration annuel, pour quu2019elle soit prise en compte.\"}},{\"@type\":\"Question\",\"name\":\"Peut-on ajouter une mention expresse apru00e8s une premiu00e8re transmission ?\",\"acceptedAnswer\":{\"@type\":\"Answer\",\"text\":\"Non, la mention expresse doit u00eatre jointe lors du du00e9pu00f4t initial de la du00e9claration pour u00eatre valide. Une correction ultu00e9rieure ne bu00e9nu00e9ficiera pas des mu00eames protections.\"}},{\"@type\":\"Question\",\"name\":\"Quels justificatifs renforceront une mention expresse ?\",\"acceptedAnswer\":{\"@type\":\"Answer\",\"text\":\"Un avis du2019expert indu00e9pendant, des documents techniques ou des u00e9changes u00e9crits horodatu00e9s avec lu2019administration contribuent u00e0 su00e9curiser la mention expresse en cas de contestation.\"}}]}\n<\/script>\n<h3>O\u00f9 inscrire la mention expresse dans la d\u00e9claration fiscale ?<\/h3>\n<p>La mention expresse doit \u00eatre inscrite dans la zone des commentaires libres du formulaire fiscal en ligne, souvent situ\u00e9e en fin de liasse fiscale, accompagn\u00e9e si possible de justificatifs dat\u00e9s.<\/p>\n<h3>La mention expresse prot\u00e8ge-t-elle contre les p\u00e9nalit\u00e9s fiscales ?<\/h3>\n<p>Elle permet d\u2019\u00e9viter les int\u00e9r\u00eats de retard mais ne supprime pas d\u2019\u00e9ventuelles p\u00e9nalit\u00e9s en cas d\u2019erreur reconnue. Toutefois, en cas de bonne foi, les p\u00e9nalit\u00e9s peuvent \u00eatre att\u00e9nu\u00e9es.<\/p>\n<h3>Quelle est la date limite pour ajouter une mention expresse ?<\/h3>\n<p>La mention expresse doit accompagner la d\u00e9claration au plus tard \u00e0 la date de d\u00e9p\u00f4t de la liasse fiscale, typiquement avant la fin du d\u00e9lai de d\u00e9claration annuel, pour qu\u2019elle soit prise en compte.<\/p>\n<h3>Peut-on ajouter une mention expresse apr\u00e8s une premi\u00e8re transmission ?<\/h3>\n<p>Non, la mention expresse doit \u00eatre jointe lors du d\u00e9p\u00f4t initial de la d\u00e9claration pour \u00eatre valide. Une correction ult\u00e9rieure ne b\u00e9n\u00e9ficiera pas des m\u00eames protections.<\/p>\n<h3>Quels justificatifs renforceront une mention expresse ?<\/h3>\n<p>Un avis d\u2019expert ind\u00e9pendant, des documents techniques ou des \u00e9changes \u00e9crits horodat\u00e9s avec l\u2019administration contribuent \u00e0 s\u00e9curiser la mention expresse en cas de contestation.<\/p>\n\n","protected":false},"excerpt":{"rendered":"<p>La mention expresse sur la liasse fiscale : d\u00e9finition et port\u00e9e La mention expresse est une d\u00e9claration \u00e9crite que le contribuable ins\u00e8re volontairement dans sa d\u00e9claration fiscale, notamment la liasse fiscale, pour signaler un doute ou une incertitude sur certains \u00e9l\u00e9ments d\u00e9clar\u00e9s. Ce dispositif a pour objectif majeur d\u2019\u00e9viter l\u2019application d\u2019int\u00e9r\u00eats de retard en cas [&hellip;]<\/p>\n","protected":false},"author":1,"featured_media":219,"comment_status":"open","ping_status":"open","sticky":false,"template":"","format":"standard","meta":{"footnotes":""},"categories":[1],"tags":[],"class_list":["post-220","post","type-post","status-publish","format-standard","has-post-thumbnail","hentry","category-expert-comptable-entreprise"],"yoast_head":"<!-- This site is optimized with the Yoast SEO plugin v27.9 - https:\/\/yoast.com\/product\/yoast-seo-wordpress\/ -->\n<title>Quelle est la mention expresse \u00e0 ajouter sur la liasse fiscale ? - Blog Macomptabilite.com<\/title>\n<meta name=\"description\" content=\"D\u00e9couvrez quelle mention expresse doit \u00eatre ajout\u00e9e sur la liasse fiscale pour une conformit\u00e9 optimale et \u00e9viter tout rejet par l\u2019administration.\" \/>\n<meta name=\"robots\" content=\"index, follow, max-snippet:-1, max-image-preview:large, max-video-preview:-1\" \/>\n<link rel=\"canonical\" href=\"https:\/\/macomptabilite.com\/blog\/mention-expresse-liasse-fiscale\/\" \/>\n<meta property=\"og:locale\" content=\"fr_FR\" \/>\n<meta property=\"og:type\" content=\"article\" \/>\n<meta property=\"og:title\" content=\"Quelle est la mention expresse \u00e0 ajouter sur la liasse fiscale ? - Blog Macomptabilite.com\" \/>\n<meta property=\"og:description\" content=\"D\u00e9couvrez quelle mention expresse doit \u00eatre ajout\u00e9e sur la liasse fiscale pour une conformit\u00e9 optimale et \u00e9viter tout rejet par l\u2019administration.\" \/>\n<meta property=\"og:url\" content=\"https:\/\/macomptabilite.com\/blog\/mention-expresse-liasse-fiscale\/\" \/>\n<meta property=\"og:site_name\" content=\"Blog Macomptabilite.com\" \/>\n<meta property=\"article:published_time\" content=\"2026-09-04T06:43:54+00:00\" \/>\n<meta property=\"og:image\" content=\"https:\/\/macomptabilite.com\/blog\/wp-content\/uploads\/2026\/09\/Quelle-est-la-mention-expresse-a-ajouter-sur-la-liasse-fiscale-.jpg\" \/>\n\t<meta property=\"og:image:width\" content=\"1536\" \/>\n\t<meta property=\"og:image:height\" content=\"1024\" \/>\n\t<meta property=\"og:image:type\" content=\"image\/jpeg\" \/>\n<meta name=\"author\" content=\"MaComptabilite.com\" \/>\n<meta name=\"twitter:card\" content=\"summary_large_image\" \/>\n<meta name=\"twitter:label1\" content=\"\u00c9crit par\" \/>\n\t<meta name=\"twitter:data1\" content=\"MaComptabilite.com\" \/>\n\t<meta name=\"twitter:label2\" content=\"Dur\u00e9e de lecture estim\u00e9e\" \/>\n\t<meta name=\"twitter:data2\" content=\"6 minutes\" \/>\n<script type=\"application\/ld+json\" class=\"yoast-schema-graph\">{\"@context\":\"https:\\\/\\\/schema.org\",\"@graph\":[{\"@type\":\"Article\",\"@id\":\"https:\\\/\\\/macomptabilite.com\\\/blog\\\/mention-expresse-liasse-fiscale\\\/#article\",\"isPartOf\":{\"@id\":\"https:\\\/\\\/macomptabilite.com\\\/blog\\\/mention-expresse-liasse-fiscale\\\/\"},\"author\":{\"name\":\"MaComptabilite.com\",\"@id\":\"https:\\\/\\\/macomptabilite.com\\\/blog\\\/#\\\/schema\\\/person\\\/1f79cb3ce7cc8501f0abfe1f0db4f7f6\"},\"headline\":\"Quelle est la mention expresse \u00e0 ajouter sur la liasse fiscale ?\",\"datePublished\":\"2026-09-04T06:43:54+00:00\",\"mainEntityOfPage\":{\"@id\":\"https:\\\/\\\/macomptabilite.com\\\/blog\\\/mention-expresse-liasse-fiscale\\\/\"},\"wordCount\":1186,\"commentCount\":0,\"image\":{\"@id\":\"https:\\\/\\\/macomptabilite.com\\\/blog\\\/mention-expresse-liasse-fiscale\\\/#primaryimage\"},\"thumbnailUrl\":\"https:\\\/\\\/macomptabilite.com\\\/blog\\\/wp-content\\\/uploads\\\/2026\\\/09\\\/Quelle-est-la-mention-expresse-a-ajouter-sur-la-liasse-fiscale-.jpg\",\"articleSection\":[\"Guide compta entreprise\"],\"inLanguage\":\"fr-FR\",\"potentialAction\":[{\"@type\":\"CommentAction\",\"name\":\"Comment\",\"target\":[\"https:\\\/\\\/macomptabilite.com\\\/blog\\\/mention-expresse-liasse-fiscale\\\/#respond\"]}]},{\"@type\":\"WebPage\",\"@id\":\"https:\\\/\\\/macomptabilite.com\\\/blog\\\/mention-expresse-liasse-fiscale\\\/\",\"url\":\"https:\\\/\\\/macomptabilite.com\\\/blog\\\/mention-expresse-liasse-fiscale\\\/\",\"name\":\"Quelle est la mention expresse \u00e0 ajouter sur la liasse fiscale ? - Blog Macomptabilite.com\",\"isPartOf\":{\"@id\":\"https:\\\/\\\/macomptabilite.com\\\/blog\\\/#website\"},\"primaryImageOfPage\":{\"@id\":\"https:\\\/\\\/macomptabilite.com\\\/blog\\\/mention-expresse-liasse-fiscale\\\/#primaryimage\"},\"image\":{\"@id\":\"https:\\\/\\\/macomptabilite.com\\\/blog\\\/mention-expresse-liasse-fiscale\\\/#primaryimage\"},\"thumbnailUrl\":\"https:\\\/\\\/macomptabilite.com\\\/blog\\\/wp-content\\\/uploads\\\/2026\\\/09\\\/Quelle-est-la-mention-expresse-a-ajouter-sur-la-liasse-fiscale-.jpg\",\"datePublished\":\"2026-09-04T06:43:54+00:00\",\"author\":{\"@id\":\"https:\\\/\\\/macomptabilite.com\\\/blog\\\/#\\\/schema\\\/person\\\/1f79cb3ce7cc8501f0abfe1f0db4f7f6\"},\"description\":\"D\u00e9couvrez quelle mention expresse doit \u00eatre ajout\u00e9e sur la liasse fiscale pour une conformit\u00e9 optimale et \u00e9viter tout rejet par l\u2019administration.\",\"breadcrumb\":{\"@id\":\"https:\\\/\\\/macomptabilite.com\\\/blog\\\/mention-expresse-liasse-fiscale\\\/#breadcrumb\"},\"inLanguage\":\"fr-FR\",\"potentialAction\":[{\"@type\":\"ReadAction\",\"target\":[\"https:\\\/\\\/macomptabilite.com\\\/blog\\\/mention-expresse-liasse-fiscale\\\/\"]}]},{\"@type\":\"ImageObject\",\"inLanguage\":\"fr-FR\",\"@id\":\"https:\\\/\\\/macomptabilite.com\\\/blog\\\/mention-expresse-liasse-fiscale\\\/#primaryimage\",\"url\":\"https:\\\/\\\/macomptabilite.com\\\/blog\\\/wp-content\\\/uploads\\\/2026\\\/09\\\/Quelle-est-la-mention-expresse-a-ajouter-sur-la-liasse-fiscale-.jpg\",\"contentUrl\":\"https:\\\/\\\/macomptabilite.com\\\/blog\\\/wp-content\\\/uploads\\\/2026\\\/09\\\/Quelle-est-la-mention-expresse-a-ajouter-sur-la-liasse-fiscale-.jpg\",\"width\":1536,\"height\":1024,\"caption\":\"d\u00e9couvrez quelle mention expresse doit \u00eatre ajout\u00e9e sur la liasse fiscale pour \u00eatre conforme aux exigences l\u00e9gales et \u00e9viter toute erreur lors de la d\u00e9claration.\"},{\"@type\":\"BreadcrumbList\",\"@id\":\"https:\\\/\\\/macomptabilite.com\\\/blog\\\/mention-expresse-liasse-fiscale\\\/#breadcrumb\",\"itemListElement\":[{\"@type\":\"ListItem\",\"position\":1,\"name\":\"Accueil\",\"item\":\"https:\\\/\\\/macomptabilite.com\\\/blog\\\/\"},{\"@type\":\"ListItem\",\"position\":2,\"name\":\"Quelle est la mention expresse \u00e0 ajouter sur la liasse fiscale ?\"}]},{\"@type\":\"WebSite\",\"@id\":\"https:\\\/\\\/macomptabilite.com\\\/blog\\\/#website\",\"url\":\"https:\\\/\\\/macomptabilite.com\\\/blog\\\/\",\"name\":\"Blog Macomptabilite.com\",\"description\":\"\",\"potentialAction\":[{\"@type\":\"SearchAction\",\"target\":{\"@type\":\"EntryPoint\",\"urlTemplate\":\"https:\\\/\\\/macomptabilite.com\\\/blog\\\/?s={search_term_string}\"},\"query-input\":{\"@type\":\"PropertyValueSpecification\",\"valueRequired\":true,\"valueName\":\"search_term_string\"}}],\"inLanguage\":\"fr-FR\"},{\"@type\":\"Person\",\"@id\":\"https:\\\/\\\/macomptabilite.com\\\/blog\\\/#\\\/schema\\\/person\\\/1f79cb3ce7cc8501f0abfe1f0db4f7f6\",\"name\":\"MaComptabilite.com\",\"image\":{\"@type\":\"ImageObject\",\"inLanguage\":\"fr-FR\",\"@id\":\"https:\\\/\\\/secure.gravatar.com\\\/avatar\\\/3f7b6f3ef48f30ef04e0f4a20e96e3806d6e5beaa9f0826086f9270a2a22f91d?s=96&d=mm&r=g\",\"url\":\"https:\\\/\\\/secure.gravatar.com\\\/avatar\\\/3f7b6f3ef48f30ef04e0f4a20e96e3806d6e5beaa9f0826086f9270a2a22f91d?s=96&d=mm&r=g\",\"contentUrl\":\"https:\\\/\\\/secure.gravatar.com\\\/avatar\\\/3f7b6f3ef48f30ef04e0f4a20e96e3806d6e5beaa9f0826086f9270a2a22f91d?s=96&d=mm&r=g\",\"caption\":\"MaComptabilite.com\"},\"sameAs\":[\"https:\\\/\\\/macomptabilite.com\\\/blog\"],\"url\":\"https:\\\/\\\/macomptabilite.com\\\/blog\\\/author\\\/scunadmin\\\/\"}]}<\/script>\n<!-- \/ Yoast SEO plugin. -->","yoast_head_json":{"title":"Quelle est la mention expresse \u00e0 ajouter sur la liasse fiscale ? - Blog Macomptabilite.com","description":"D\u00e9couvrez quelle mention expresse doit \u00eatre ajout\u00e9e sur la liasse fiscale pour une conformit\u00e9 optimale et \u00e9viter tout rejet par l\u2019administration.","robots":{"index":"index","follow":"follow","max-snippet":"max-snippet:-1","max-image-preview":"max-image-preview:large","max-video-preview":"max-video-preview:-1"},"canonical":"https:\/\/macomptabilite.com\/blog\/mention-expresse-liasse-fiscale\/","og_locale":"fr_FR","og_type":"article","og_title":"Quelle est la mention expresse \u00e0 ajouter sur la liasse fiscale ? - Blog Macomptabilite.com","og_description":"D\u00e9couvrez quelle mention expresse doit \u00eatre ajout\u00e9e sur la liasse fiscale pour une conformit\u00e9 optimale et \u00e9viter tout rejet par l\u2019administration.","og_url":"https:\/\/macomptabilite.com\/blog\/mention-expresse-liasse-fiscale\/","og_site_name":"Blog Macomptabilite.com","article_published_time":"2026-09-04T06:43:54+00:00","og_image":[{"width":1536,"height":1024,"url":"https:\/\/macomptabilite.com\/blog\/wp-content\/uploads\/2026\/09\/Quelle-est-la-mention-expresse-a-ajouter-sur-la-liasse-fiscale-.jpg","type":"image\/jpeg"}],"author":"MaComptabilite.com","twitter_card":"summary_large_image","twitter_misc":{"\u00c9crit par":"MaComptabilite.com","Dur\u00e9e de lecture estim\u00e9e":"6 minutes"},"schema":{"@context":"https:\/\/schema.org","@graph":[{"@type":"Article","@id":"https:\/\/macomptabilite.com\/blog\/mention-expresse-liasse-fiscale\/#article","isPartOf":{"@id":"https:\/\/macomptabilite.com\/blog\/mention-expresse-liasse-fiscale\/"},"author":{"name":"MaComptabilite.com","@id":"https:\/\/macomptabilite.com\/blog\/#\/schema\/person\/1f79cb3ce7cc8501f0abfe1f0db4f7f6"},"headline":"Quelle est la mention expresse \u00e0 ajouter sur la liasse fiscale ?","datePublished":"2026-09-04T06:43:54+00:00","mainEntityOfPage":{"@id":"https:\/\/macomptabilite.com\/blog\/mention-expresse-liasse-fiscale\/"},"wordCount":1186,"commentCount":0,"image":{"@id":"https:\/\/macomptabilite.com\/blog\/mention-expresse-liasse-fiscale\/#primaryimage"},"thumbnailUrl":"https:\/\/macomptabilite.com\/blog\/wp-content\/uploads\/2026\/09\/Quelle-est-la-mention-expresse-a-ajouter-sur-la-liasse-fiscale-.jpg","articleSection":["Guide compta entreprise"],"inLanguage":"fr-FR","potentialAction":[{"@type":"CommentAction","name":"Comment","target":["https:\/\/macomptabilite.com\/blog\/mention-expresse-liasse-fiscale\/#respond"]}]},{"@type":"WebPage","@id":"https:\/\/macomptabilite.com\/blog\/mention-expresse-liasse-fiscale\/","url":"https:\/\/macomptabilite.com\/blog\/mention-expresse-liasse-fiscale\/","name":"Quelle est la mention expresse \u00e0 ajouter sur la liasse fiscale ? - Blog Macomptabilite.com","isPartOf":{"@id":"https:\/\/macomptabilite.com\/blog\/#website"},"primaryImageOfPage":{"@id":"https:\/\/macomptabilite.com\/blog\/mention-expresse-liasse-fiscale\/#primaryimage"},"image":{"@id":"https:\/\/macomptabilite.com\/blog\/mention-expresse-liasse-fiscale\/#primaryimage"},"thumbnailUrl":"https:\/\/macomptabilite.com\/blog\/wp-content\/uploads\/2026\/09\/Quelle-est-la-mention-expresse-a-ajouter-sur-la-liasse-fiscale-.jpg","datePublished":"2026-09-04T06:43:54+00:00","author":{"@id":"https:\/\/macomptabilite.com\/blog\/#\/schema\/person\/1f79cb3ce7cc8501f0abfe1f0db4f7f6"},"description":"D\u00e9couvrez quelle mention expresse doit \u00eatre ajout\u00e9e sur la liasse fiscale pour une conformit\u00e9 optimale et \u00e9viter tout rejet par l\u2019administration.","breadcrumb":{"@id":"https:\/\/macomptabilite.com\/blog\/mention-expresse-liasse-fiscale\/#breadcrumb"},"inLanguage":"fr-FR","potentialAction":[{"@type":"ReadAction","target":["https:\/\/macomptabilite.com\/blog\/mention-expresse-liasse-fiscale\/"]}]},{"@type":"ImageObject","inLanguage":"fr-FR","@id":"https:\/\/macomptabilite.com\/blog\/mention-expresse-liasse-fiscale\/#primaryimage","url":"https:\/\/macomptabilite.com\/blog\/wp-content\/uploads\/2026\/09\/Quelle-est-la-mention-expresse-a-ajouter-sur-la-liasse-fiscale-.jpg","contentUrl":"https:\/\/macomptabilite.com\/blog\/wp-content\/uploads\/2026\/09\/Quelle-est-la-mention-expresse-a-ajouter-sur-la-liasse-fiscale-.jpg","width":1536,"height":1024,"caption":"d\u00e9couvrez quelle mention expresse doit \u00eatre ajout\u00e9e sur la liasse fiscale pour \u00eatre conforme aux exigences l\u00e9gales et \u00e9viter toute erreur lors de la d\u00e9claration."},{"@type":"BreadcrumbList","@id":"https:\/\/macomptabilite.com\/blog\/mention-expresse-liasse-fiscale\/#breadcrumb","itemListElement":[{"@type":"ListItem","position":1,"name":"Accueil","item":"https:\/\/macomptabilite.com\/blog\/"},{"@type":"ListItem","position":2,"name":"Quelle est la mention expresse \u00e0 ajouter sur la liasse fiscale ?"}]},{"@type":"WebSite","@id":"https:\/\/macomptabilite.com\/blog\/#website","url":"https:\/\/macomptabilite.com\/blog\/","name":"Blog Macomptabilite.com","description":"","potentialAction":[{"@type":"SearchAction","target":{"@type":"EntryPoint","urlTemplate":"https:\/\/macomptabilite.com\/blog\/?s={search_term_string}"},"query-input":{"@type":"PropertyValueSpecification","valueRequired":true,"valueName":"search_term_string"}}],"inLanguage":"fr-FR"},{"@type":"Person","@id":"https:\/\/macomptabilite.com\/blog\/#\/schema\/person\/1f79cb3ce7cc8501f0abfe1f0db4f7f6","name":"MaComptabilite.com","image":{"@type":"ImageObject","inLanguage":"fr-FR","@id":"https:\/\/secure.gravatar.com\/avatar\/3f7b6f3ef48f30ef04e0f4a20e96e3806d6e5beaa9f0826086f9270a2a22f91d?s=96&d=mm&r=g","url":"https:\/\/secure.gravatar.com\/avatar\/3f7b6f3ef48f30ef04e0f4a20e96e3806d6e5beaa9f0826086f9270a2a22f91d?s=96&d=mm&r=g","contentUrl":"https:\/\/secure.gravatar.com\/avatar\/3f7b6f3ef48f30ef04e0f4a20e96e3806d6e5beaa9f0826086f9270a2a22f91d?s=96&d=mm&r=g","caption":"MaComptabilite.com"},"sameAs":["https:\/\/macomptabilite.com\/blog"],"url":"https:\/\/macomptabilite.com\/blog\/author\/scunadmin\/"}]}},"_links":{"self":[{"href":"https:\/\/macomptabilite.com\/blog\/wp-json\/wp\/v2\/posts\/220","targetHints":{"allow":["GET"]}}],"collection":[{"href":"https:\/\/macomptabilite.com\/blog\/wp-json\/wp\/v2\/posts"}],"about":[{"href":"https:\/\/macomptabilite.com\/blog\/wp-json\/wp\/v2\/types\/post"}],"author":[{"embeddable":true,"href":"https:\/\/macomptabilite.com\/blog\/wp-json\/wp\/v2\/users\/1"}],"replies":[{"embeddable":true,"href":"https:\/\/macomptabilite.com\/blog\/wp-json\/wp\/v2\/comments?post=220"}],"version-history":[{"count":0,"href":"https:\/\/macomptabilite.com\/blog\/wp-json\/wp\/v2\/posts\/220\/revisions"}],"wp:featuredmedia":[{"embeddable":true,"href":"https:\/\/macomptabilite.com\/blog\/wp-json\/wp\/v2\/media\/219"}],"wp:attachment":[{"href":"https:\/\/macomptabilite.com\/blog\/wp-json\/wp\/v2\/media?parent=220"}],"wp:term":[{"taxonomy":"category","embeddable":true,"href":"https:\/\/macomptabilite.com\/blog\/wp-json\/wp\/v2\/categories?post=220"},{"taxonomy":"post_tag","embeddable":true,"href":"https:\/\/macomptabilite.com\/blog\/wp-json\/wp\/v2\/tags?post=220"}],"curies":[{"name":"wp","href":"https:\/\/api.w.org\/{rel}","templated":true}]}}